{"id":987837,"date":"2022-03-15T09:00:15","date_gmt":"2022-03-15T09:00:15","guid":{"rendered":"https:\/\/surfeandosonrisas.fireworks.studio\/?p=987837"},"modified":"2022-05-03T20:13:23","modified_gmt":"2022-05-03T20:13:23","slug":"daniel-gomez-de-la-vega-campeon-de-surf-adaptado","status":"publish","type":"post","link":"https:\/\/surfeandosonrisas.org\/en\/2022\/03\/15\/daniel-gomez-de-la-vega-campeon-de-surf-adaptado\/","title":{"rendered":"Daniel G\u00f3mez De La Vega, adapted surfing champion"},"content":{"rendered":"<div class=\"vgblk-rw-wrapper limit-wrapper\">\n<p><strong>By Mariana Ch\u00e1vez<\/strong><\/p>\n\n\n\n<p>Original article: <a href=\"https:\/\/www.yotambien.mx\/actualidad\/daniel-gomez-de-la-vega-campeon-de-surf-adaptado\/\">https:\/\/www.yotambien.mx\/actualidad\/daniel-gomez-de-la-vega-campeon-de-surf-adaptado\/<\/a><\/p>\n\n\n\n<p>\u201cSometimes, what seems like a tragedy is actually an opportunity to find our superpowers,\u201d says Daniel G\u00f3mez de la Vega, who, at 38, is already an adaptive surfing champion, speaker and director of the&nbsp;<a href=\"https:\/\/surfeandosonrisas.org\/en\/\" target=\"_blank\" rel=\"noreferrer noopener\">Surfing Smiles Foundation.<\/a><\/p>\n\n\n\n<p>It was in June 2011 when the life of Daniel, also a business administrator, changed completely: at the age of 26 he had a motorcycle accident that caused paraplegia (loss of movement and sensations from the waist down due to a spinal cord injury).<\/p>\n\n\n\n<p>The first few months he went through a very complex emotional process: denial, frustration, sadness, anger.<\/p>\n\n\n\n<blockquote class=\"wp-block-quote is-layout-flow wp-block-quote-is-layout-flow\"><p><strong>\u201cHe was angry with life, with me, with the circumstances. \u201cMy face hurt from the tension I was expressing.\u201d&nbsp;<\/strong><\/p><\/blockquote>\n\n\n\n<p>He directed this anger at the people around him, including his family, without knowing that they were also going through their own grief.<\/p>\n\n\n\n<p>\u201cMy mom was devastated, my dad was trying to stay strong, and my brother was sad, but also displaced because all the attention was directed toward me.\u201d<\/p>\n\n\n\n<h2 class=\"wp-block-heading\" id=\"pilares-contra-la-depresion-y-tristeza\"><strong>Pillars against depression and sadness<\/strong><\/h2>\n\n\n\n<p>Daniel says that he found the strength to move forward in three pillars: sport, emotional work and his loved ones (family and friends).<\/p>\n\n\n\n<p>Since he was a child he had played soccer, sailing, fishing, swimming and surfing, as he spent much of his childhood and youth in Acapulco.<\/p>\n\n\n\n<div class=\"wp-block-image\"><figure class=\"aligncenter is-resized\"><img fetchpriority=\"high\" decoding=\"async\" src=\"https:\/\/i0.wp.com\/www.yotambien.mx\/wp-content\/uploads\/2022\/02\/Daniel-Gomez-De-La-Vega-Fotografia.jpeg?resize=512%2C768&amp;ssl=1\" alt=\"Fotograf\u00eda de Daniel G\u00f3mez De La Vega, un joven calvo, de barba en forma de candado de color negro, viste una sudadera de color blanca, pants deportivo de color gris, tenis de color blanco y es usuario de silla de ruedas, sonr\u00ede frente a la c\u00e1mara mostrando sus dientes superiores.\" width=\"413\" height=\"619\"\/><\/figure><\/div>\n\n\n\n<blockquote class=\"wp-block-quote is-layout-flow wp-block-quote-is-layout-flow\"><p><strong>\u201cThanks to sport I learned perseverance, discipline and breaking my limits and fears, tools that were key to my physical and emotional recovery.\u201d<\/strong><\/p><\/blockquote>\n\n\n\n<p>After the accident, he dedicated five to eight hours a day to his rehabilitation, a fact that began to strengthen him.<\/p>\n\n\n\n<p>\u201cI understood that pain can last days or weeks, but if you let yourself overcome it, it can last a lifetime.\u201d<\/p>\n\n\n\n<h2 class=\"wp-block-heading\" id=\"del-egocentrismo-al-surf\"><strong>From egocentrism to surfing<\/strong><\/h2>\n\n\n\n<p>At first he set very big goals, such as participating in triathlons as challenging as the&nbsp;<em>Hombre de Hierro<\/em>&nbsp;(very extensive career with extreme tests).<\/p>\n\n\n\n<p>Conquering these tests gave him the courage to go out, work, and get close to women, but he still didn&#039;t feel fulfilled.<\/p>\n\n\n\n<blockquote class=\"wp-block-quote is-layout-flow wp-block-quote-is-layout-flow\"><p><strong>\u201cIt was my friends and my girlfriend, now my wife, who showed me that I was pushing myself too hard to show others that I could, because deep down I felt small and I was becoming an egocentric being.\u201d<\/strong><\/p><\/blockquote>\n\n\n\n<p>He understood that what he really wanted and was missing was a smile. \u201cThere is no worse disability than a bad attitude,\u201d he says.<\/p>\n\n\n\n<figure class=\"wp-block-image is-resized\"><img decoding=\"async\" src=\"https:\/\/i0.wp.com\/www.yotambien.mx\/wp-content\/uploads\/2022\/02\/Surfista-usuario-de-silla-de-ruedas.jpeg?resize=750%2C502&amp;ssl=1\" alt=\"Fotograf\u00eda de un hombre usuario de silla de ruedas de tez morena que viste un traje de ba\u00f1o color negro, completo con playera de manga larga y short, saluda de frente a la c\u00e1mara y su cuerpo se encuentra inclinado hacia un ni\u00f1o que se encuentra a su izquierda, la silla de ruedas es especial pues tiene una rueda delantera y se encuentra dentro del mar, cerca de la arena, el ni\u00f1o de tez blanca, playera azul claro y gorra azul, se sostiene de la rueda izquierda de la silla y de igual forma voltea a la c\u00e1mara.\" width=\"750\" height=\"502\"\/><\/figure>\n\n\n\n<h2 class=\"wp-block-heading\" id=\"nuevos-poderes\"><strong>New powers<\/strong><\/h2>\n\n\n\n<p>From then on he focused his life on all those activities that made him feel happy, and surfing was one of them. He discovered empathy born from his own vulnerability, gratitude and teamwork.<\/p>\n\n\n\n<p>\u201cI recognized all the work and support I had received from friends, family, therapists and even strangers who, upon seeing me on the beach, helped me get closer to the sea.\u201d&nbsp;&nbsp;<\/p>\n\n\n\n<figure class=\"wp-block-image\"><img decoding=\"async\" src=\"https:\/\/i0.wp.com\/www.yotambien.mx\/wp-content\/uploads\/2022\/02\/Silla-anfibea-flotante.jpeg?resize=750%2C500&amp;ssl=1\" alt=\"Fotograf\u00eda tomada a distancia de una mujer dentro del agua, ella se encuentra recostada en un camastro flotante con una rueda al frente, la acompa\u00f1an dos hombres que la gu\u00edan, ella se encuentra con las manos al aire y arriba.\"\/><\/figure>\n\n\n\n<p>Three years after his accident, he was invited to give a talk to young soccer players. \u201cI thought it was something informal; However, I arrived and there was a large capacity. \u201cI decided to speak to them from the heart.\u201d<\/p>\n\n\n\n<p>The talk was a success and since then he has given conferences in Mexico and other countries, including the Mexican Soccer Team, Babson Latin Forum, Entrepreneur Organization, Google and HSBC. Its themes are emotional intelligence, attitude towards life, the comfort zone, and the importance of inclusion.<\/p>\n\n\n\n<blockquote class=\"wp-block-quote is-layout-flow wp-block-quote-is-layout-flow\"><p><strong>\u201cBeing in a wheelchair in a country like Mexico takes away many opportunities. Discrimination is a constant, there are competitions where you cannot participate and places where you cannot even go to the bathroom<\/strong>&#8220;<\/p><\/blockquote>\n\n\n\n<figure class=\"wp-block-image\"><img decoding=\"async\" src=\"https:\/\/i0.wp.com\/www.yotambien.mx\/wp-content\/uploads\/2022\/02\/Silla-anfibea.jpeg?resize=750%2C500&amp;ssl=1\" alt=\"Fotograf\u00eda de tres hombres en la arena, en el centro de la imagen se aprecia a un hombre recostado en camastro de fierro con un flotador color naranja y una rueda al frente, trae un chaleco salvavidas de color negro, viste un short de traje de ba\u00f1o y una playera blanca, es impulsado por dos hombres j\u00f3venes, uno detr\u00e1s de la silla y otro al frente.\"\/><\/figure>\n\n\n\n<h2 class=\"wp-block-heading\" id=\"surfea-por-sonrisas\"><strong>Surf for smiles<\/strong><\/h2>\n\n\n\n<p>In 2018 Daniel created Surfeando Sonrisas, a foundation dedicated to generating happiness through surfing in boys and girls living with disabilities.<\/p>\n\n\n\n<p>His friend Arturo Tamayo, who accompanied him and supported him surfing, upon seeing the happiness on his face, urged him to share it.<\/p>\n\n\n\n<figure class=\"wp-block-image\"><img decoding=\"async\" src=\"https:\/\/i0.wp.com\/www.yotambien.mx\/wp-content\/uploads\/2022\/02\/Surfeando-con-discapacidad.jpeg?resize=750%2C499&amp;ssl=1\" alt=\"Fotograf\u00eda de un ni\u00f1o con aparente S\u00edndrome de Down que viste un traje de ba\u00f1o de cuerpo completo, chaleco salvavidas de color negro y gorra el\u00e1stica de color rosa, se encuentra recostado sobre una tabla de surf de color verde menta, detr\u00e1s hay una joven de tez morena, sonriente, ambos est\u00e1n dentro del mar, la instructora est\u00e1 de pie y el ni\u00f1o sobre la tabla.\"\/><\/figure>\n\n\n\n<p>To achieve its goal, it organizes surf clinics, where it invites children and young people with disabilities to live the experience of freedom that this sport provides.&nbsp;&nbsp;<\/p>\n\n\n\n<blockquote class=\"wp-block-quote is-layout-flow wp-block-quote-is-layout-flow\"><p><strong>\u201cTheir smiling faces are the sign that I am on the right track.\u201d<\/strong><\/p><\/blockquote>\n\n\n\n<p>While Surfing Sonrisas grew and strengthened, Daniel became a father. Today he has two children who drive him to forge empathetic and inclusive human beings.&nbsp;<\/p>\n\n\n\n<h2 class=\"wp-block-heading\" id=\"surfea-por-sonrisas-despues-del-covid\"><strong>Surf for smiles after COVID<\/strong><\/h2>\n\n\n\n<p>COVID inevitably put a stop to surf clinics, but not Daniel. In March 2020, he participated in the World Surfing Championship (AmpSurf ISA World Para Surfing Championship) in California, where he obtained third place, the first medal for Mexico in this adapted sport.<\/p>\n\n\n\n<figure class=\"wp-block-image\"><img decoding=\"async\" src=\"https:\/\/i0.wp.com\/www.yotambien.mx\/wp-content\/uploads\/2022\/02\/Surfeando-sonrisas.jpeg?resize=750%2C500&amp;ssl=1\" alt=\"Fotograf\u00eda de dos hombres dentro del mar, el primer joven est\u00e1 sentado sobre una tabla de surf que a su vez se encuentra flotando en el agua, tiene tez morena, chaleco salvavidas de color negro y saluda con el dedo \u00edndice y medio abiertos y hacia arriba en se\u00f1a de \u201cpaz\u201d. El instructor es un hombre joven, de tez morena, lleva puesta una gorra de color blanco est\u00e1 de pie sobre la misma tabla y se apoya en un palo clavado dentro del mar para remar con la tabla, su pie izquierdo est\u00e1 amarrado a la tabla que es de color rojo.\"\/><\/figure>\n\n\n\n<p>In 2021, he took a van trip in which he traveled 4,000 kilometers from Puerto Vallarta, Jalisco, to Zipolite, Oaxaca, to organize a couple of clinics and explore new beaches. This 2022 it plans to hold 10 more clinics in Colima, Ixtapa, Acapulco and Zipolite. In addition, he already received an invitation to go to Los Cabos.<\/p>\n\n\n\n<p>He plans to obtain an international certification to train athletes and coaches in adapted surfing, as well as create a National Team to reach the Paralympic Games.<\/p>\n\n\n\n<blockquote class=\"wp-block-quote is-layout-flow wp-block-quote-is-layout-flow\"><p><strong>We want more people with disabilities to practice surfing and have the exquisite experience of feeling the pleasure of freedom and equality that this sport grants, because in the water, as in life, we are all equal.<\/strong><\/p><\/blockquote>\n\n\n\n<figure class=\"wp-block-image\"><img decoding=\"async\" src=\"https:\/\/i0.wp.com\/www.yotambien.mx\/wp-content\/uploads\/2022\/02\/Surfea-con-discpacidad-motriz.jpeg?resize=750%2C500&amp;ssl=1\" alt=\"Fotograf\u00eda de cuatro hombres de tez morena cargando una tabla de surf con un ni\u00f1o sentado arriba de la misma, todos se dirigen al mar.\"\/><\/figure>\n<\/div><!-- .vgblk-rw-wrapper -->","protected":false},"excerpt":{"rendered":"<p>\u201cA veces, lo que pareciera una tragedia en realidad es una oportunidad para encontrar nuestros superpoderes\u201d, afirma Daniel G\u00f3mez de la Vega, quien, a sus 38 a\u00f1os, ya es campe\u00f3n de surf adaptado, conferencista y director de la Fundaci\u00f3n Surfeando Sonrisas.<\/p>","protected":false},"author":1,"featured_media":991611,"comment_status":"closed","ping_status":"open","sticky":false,"template":"","format":"standard","meta":{"give_campaign_id":0,"footnotes":""},"categories":[17,18],"tags":[],"class_list":["post-987837","post","type-post","status-publish","format-standard","has-post-thumbnail","hentry","category-humanitarian","category-stories"],"yoast_head":"<!-- This site is optimized with the Yoast SEO plugin v27.4 - https:\/\/yoast.com\/product\/yoast-seo-wordpress\/ -->\n<title>Daniel G\u00f3mez De La Vega, campe\u00f3n de surf adaptado - Surfeando Sonrisas<\/title>\n<meta name=\"robots\" content=\"index, follow, max-snippet:-1, max-image-preview:large, max-video-preview:-1\" \/>\n<link rel=\"canonical\" href=\"https:\/\/surfeandosonrisas.org\/en\/2022\/03\/15\/daniel-gomez-de-la-vega-campeon-de-surf-adaptado\/\" \/>\n<meta property=\"og:locale\" content=\"en_US\" \/>\n<meta property=\"og:type\" content=\"article\" \/>\n<meta property=\"og:title\" content=\"Daniel G\u00f3mez De La Vega, campe\u00f3n de surf adaptado - Surfeando Sonrisas\" \/>\n<meta property=\"og:description\" content=\"\u201cA veces, lo que pareciera una tragedia en realidad es una oportunidad para encontrar nuestros superpoderes\u201d, afirma Daniel G\u00f3mez de la Vega, quien, a sus 38 a\u00f1os, ya es campe\u00f3n de surf adaptado, conferencista y director de la Fundaci\u00f3n Surfeando Sonrisas.\" \/>\n<meta property=\"og:url\" content=\"https:\/\/surfeandosonrisas.org\/en\/2022\/03\/15\/daniel-gomez-de-la-vega-campeon-de-surf-adaptado\/\" \/>\n<meta property=\"og:site_name\" content=\"Surfeando Sonrisas\" \/>\n<meta property=\"article:published_time\" content=\"2022-03-15T09:00:15+00:00\" \/>\n<meta property=\"article:modified_time\" content=\"2022-05-03T20:13:23+00:00\" \/>\n<meta property=\"og:image\" content=\"https:\/\/surfeandosonrisas.org\/wp-content\/uploads\/2022\/03\/Surf-para-discapacidad.jpeg\" \/>\n\t<meta property=\"og:image:width\" content=\"1140\" \/>\n\t<meta property=\"og:image:height\" content=\"694\" \/>\n\t<meta property=\"og:image:type\" content=\"image\/jpeg\" \/>\n<meta name=\"author\" content=\"admin\" \/>\n<meta name=\"twitter:card\" content=\"summary_large_image\" \/>\n<meta name=\"twitter:label1\" content=\"Written by\" \/>\n\t<meta name=\"twitter:data1\" content=\"admin\" \/>\n\t<meta name=\"twitter:label2\" content=\"Est. reading time\" \/>\n\t<meta name=\"twitter:data2\" content=\"5 minutes\" \/>\n<script type=\"application\/ld+json\" class=\"yoast-schema-graph\">{\"@context\":\"https:\\\/\\\/schema.org\",\"@graph\":[{\"@type\":\"Article\",\"@id\":\"https:\\\/\\\/surfeandosonrisas.org\\\/2022\\\/03\\\/15\\\/daniel-gomez-de-la-vega-campeon-de-surf-adaptado\\\/#article\",\"isPartOf\":{\"@id\":\"https:\\\/\\\/surfeandosonrisas.org\\\/2022\\\/03\\\/15\\\/daniel-gomez-de-la-vega-campeon-de-surf-adaptado\\\/\"},\"author\":{\"name\":\"admin\",\"@id\":\"https:\\\/\\\/surfeandosonrisas.org\\\/#\\\/schema\\\/person\\\/6f07efc81ca57ffcb9c0c0ea08cc6033\"},\"headline\":\"Daniel G\u00f3mez De La Vega, campe\u00f3n de surf adaptado\",\"datePublished\":\"2022-03-15T09:00:15+00:00\",\"dateModified\":\"2022-05-03T20:13:23+00:00\",\"mainEntityOfPage\":{\"@id\":\"https:\\\/\\\/surfeandosonrisas.org\\\/2022\\\/03\\\/15\\\/daniel-gomez-de-la-vega-campeon-de-surf-adaptado\\\/\"},\"wordCount\":968,\"publisher\":{\"@id\":\"https:\\\/\\\/surfeandosonrisas.org\\\/#organization\"},\"image\":{\"@id\":\"https:\\\/\\\/surfeandosonrisas.org\\\/2022\\\/03\\\/15\\\/daniel-gomez-de-la-vega-campeon-de-surf-adaptado\\\/#primaryimage\"},\"thumbnailUrl\":\"https:\\\/\\\/surfeandosonrisas.org\\\/wp-content\\\/uploads\\\/2022\\\/03\\\/Surf-para-discapacidad.jpeg\",\"articleSection\":[\"Humanitarian\",\"Stories\"],\"inLanguage\":\"en-US\"},{\"@type\":\"WebPage\",\"@id\":\"https:\\\/\\\/surfeandosonrisas.org\\\/2022\\\/03\\\/15\\\/daniel-gomez-de-la-vega-campeon-de-surf-adaptado\\\/\",\"url\":\"https:\\\/\\\/surfeandosonrisas.org\\\/2022\\\/03\\\/15\\\/daniel-gomez-de-la-vega-campeon-de-surf-adaptado\\\/\",\"name\":\"Daniel G\u00f3mez De La Vega, campe\u00f3n de surf adaptado - Surfeando Sonrisas\",\"isPartOf\":{\"@id\":\"https:\\\/\\\/surfeandosonrisas.org\\\/#website\"},\"primaryImageOfPage\":{\"@id\":\"https:\\\/\\\/surfeandosonrisas.org\\\/2022\\\/03\\\/15\\\/daniel-gomez-de-la-vega-campeon-de-surf-adaptado\\\/#primaryimage\"},\"image\":{\"@id\":\"https:\\\/\\\/surfeandosonrisas.org\\\/2022\\\/03\\\/15\\\/daniel-gomez-de-la-vega-campeon-de-surf-adaptado\\\/#primaryimage\"},\"thumbnailUrl\":\"https:\\\/\\\/surfeandosonrisas.org\\\/wp-content\\\/uploads\\\/2022\\\/03\\\/Surf-para-discapacidad.jpeg\",\"datePublished\":\"2022-03-15T09:00:15+00:00\",\"dateModified\":\"2022-05-03T20:13:23+00:00\",\"breadcrumb\":{\"@id\":\"https:\\\/\\\/surfeandosonrisas.org\\\/2022\\\/03\\\/15\\\/daniel-gomez-de-la-vega-campeon-de-surf-adaptado\\\/#breadcrumb\"},\"inLanguage\":\"en-US\",\"potentialAction\":[{\"@type\":\"ReadAction\",\"target\":[\"https:\\\/\\\/surfeandosonrisas.org\\\/2022\\\/03\\\/15\\\/daniel-gomez-de-la-vega-campeon-de-surf-adaptado\\\/\"]}]},{\"@type\":\"ImageObject\",\"inLanguage\":\"en-US\",\"@id\":\"https:\\\/\\\/surfeandosonrisas.org\\\/2022\\\/03\\\/15\\\/daniel-gomez-de-la-vega-campeon-de-surf-adaptado\\\/#primaryimage\",\"url\":\"https:\\\/\\\/surfeandosonrisas.org\\\/wp-content\\\/uploads\\\/2022\\\/03\\\/Surf-para-discapacidad.jpeg\",\"contentUrl\":\"https:\\\/\\\/surfeandosonrisas.org\\\/wp-content\\\/uploads\\\/2022\\\/03\\\/Surf-para-discapacidad.jpeg\",\"width\":1140,\"height\":694},{\"@type\":\"BreadcrumbList\",\"@id\":\"https:\\\/\\\/surfeandosonrisas.org\\\/2022\\\/03\\\/15\\\/daniel-gomez-de-la-vega-campeon-de-surf-adaptado\\\/#breadcrumb\",\"itemListElement\":[{\"@type\":\"ListItem\",\"position\":1,\"name\":\"Portada\",\"item\":\"https:\\\/\\\/surfeandosonrisas.org\\\/\"},{\"@type\":\"ListItem\",\"position\":2,\"name\":\"Daniel G\u00f3mez De La Vega, campe\u00f3n de surf adaptado\"}]},{\"@type\":\"WebSite\",\"@id\":\"https:\\\/\\\/surfeandosonrisas.org\\\/#website\",\"url\":\"https:\\\/\\\/surfeandosonrisas.org\\\/\",\"name\":\"Surfeando Sonrisas\",\"description\":\"Es un proyecto sin fines de lucro, dedicado a mejorar la calidad de Personas con Discapacidad (PcD) a trav\u00e9s de la practica de surf\",\"publisher\":{\"@id\":\"https:\\\/\\\/surfeandosonrisas.org\\\/#organization\"},\"potentialAction\":[{\"@type\":\"SearchAction\",\"target\":{\"@type\":\"EntryPoint\",\"urlTemplate\":\"https:\\\/\\\/surfeandosonrisas.org\\\/?s={search_term_string}\"},\"query-input\":{\"@type\":\"PropertyValueSpecification\",\"valueRequired\":true,\"valueName\":\"search_term_string\"}}],\"inLanguage\":\"en-US\"},{\"@type\":\"Organization\",\"@id\":\"https:\\\/\\\/surfeandosonrisas.org\\\/#organization\",\"name\":\"Surfeando Sonrisas\",\"url\":\"https:\\\/\\\/surfeandosonrisas.org\\\/\",\"logo\":{\"@type\":\"ImageObject\",\"inLanguage\":\"en-US\",\"@id\":\"https:\\\/\\\/surfeandosonrisas.org\\\/#\\\/schema\\\/logo\\\/image\\\/\",\"url\":\"https:\\\/\\\/surfeandosonrisas.org\\\/wp-content\\\/uploads\\\/2022\\\/05\\\/cropped-logo_n.png\",\"contentUrl\":\"https:\\\/\\\/surfeandosonrisas.org\\\/wp-content\\\/uploads\\\/2022\\\/05\\\/cropped-logo_n.png\",\"width\":552,\"height\":552,\"caption\":\"Surfeando Sonrisas\"},\"image\":{\"@id\":\"https:\\\/\\\/surfeandosonrisas.org\\\/#\\\/schema\\\/logo\\\/image\\\/\"}},{\"@type\":\"Person\",\"@id\":\"https:\\\/\\\/surfeandosonrisas.org\\\/#\\\/schema\\\/person\\\/6f07efc81ca57ffcb9c0c0ea08cc6033\",\"name\":\"admin\",\"image\":{\"@type\":\"ImageObject\",\"inLanguage\":\"en-US\",\"@id\":\"https:\\\/\\\/secure.gravatar.com\\\/avatar\\\/d8684afb4ddcf70e3a5b941b19bdfc6e117cf00c122b118a3e30652f09d8a19f?s=96&d=mm&r=g\",\"url\":\"https:\\\/\\\/secure.gravatar.com\\\/avatar\\\/d8684afb4ddcf70e3a5b941b19bdfc6e117cf00c122b118a3e30652f09d8a19f?s=96&d=mm&r=g\",\"contentUrl\":\"https:\\\/\\\/secure.gravatar.com\\\/avatar\\\/d8684afb4ddcf70e3a5b941b19bdfc6e117cf00c122b118a3e30652f09d8a19f?s=96&d=mm&r=g\",\"caption\":\"admin\"},\"sameAs\":[\"https:\\\/\\\/surfeandosonrisas.org\"],\"url\":\"https:\\\/\\\/surfeandosonrisas.org\\\/en\\\/author\\\/admin\\\/\"}]}<\/script>\n<!-- \/ Yoast SEO plugin. -->","yoast_head_json":{"title":"Daniel G\u00f3mez De La Vega, campe\u00f3n de surf adaptado - Surfeando Sonrisas","robots":{"index":"index","follow":"follow","max-snippet":"max-snippet:-1","max-image-preview":"max-image-preview:large","max-video-preview":"max-video-preview:-1"},"canonical":"https:\/\/surfeandosonrisas.org\/en\/2022\/03\/15\/daniel-gomez-de-la-vega-campeon-de-surf-adaptado\/","og_locale":"en_US","og_type":"article","og_title":"Daniel G\u00f3mez De La Vega, campe\u00f3n de surf adaptado - Surfeando Sonrisas","og_description":"\u201cA veces, lo que pareciera una tragedia en realidad es una oportunidad para encontrar nuestros superpoderes\u201d, afirma Daniel G\u00f3mez de la Vega, quien, a sus 38 a\u00f1os, ya es campe\u00f3n de surf adaptado, conferencista y director de la Fundaci\u00f3n Surfeando Sonrisas.","og_url":"https:\/\/surfeandosonrisas.org\/en\/2022\/03\/15\/daniel-gomez-de-la-vega-campeon-de-surf-adaptado\/","og_site_name":"Surfeando Sonrisas","article_published_time":"2022-03-15T09:00:15+00:00","article_modified_time":"2022-05-03T20:13:23+00:00","og_image":[{"width":1140,"height":694,"url":"https:\/\/surfeandosonrisas.org\/wp-content\/uploads\/2022\/03\/Surf-para-discapacidad.jpeg","type":"image\/jpeg"}],"author":"admin","twitter_card":"summary_large_image","twitter_misc":{"Written by":"admin","Est. reading time":"5 minutes"},"schema":{"@context":"https:\/\/schema.org","@graph":[{"@type":"Article","@id":"https:\/\/surfeandosonrisas.org\/2022\/03\/15\/daniel-gomez-de-la-vega-campeon-de-surf-adaptado\/#article","isPartOf":{"@id":"https:\/\/surfeandosonrisas.org\/2022\/03\/15\/daniel-gomez-de-la-vega-campeon-de-surf-adaptado\/"},"author":{"name":"admin","@id":"https:\/\/surfeandosonrisas.org\/#\/schema\/person\/6f07efc81ca57ffcb9c0c0ea08cc6033"},"headline":"Daniel G\u00f3mez De La Vega, campe\u00f3n de surf adaptado","datePublished":"2022-03-15T09:00:15+00:00","dateModified":"2022-05-03T20:13:23+00:00","mainEntityOfPage":{"@id":"https:\/\/surfeandosonrisas.org\/2022\/03\/15\/daniel-gomez-de-la-vega-campeon-de-surf-adaptado\/"},"wordCount":968,"publisher":{"@id":"https:\/\/surfeandosonrisas.org\/#organization"},"image":{"@id":"https:\/\/surfeandosonrisas.org\/2022\/03\/15\/daniel-gomez-de-la-vega-campeon-de-surf-adaptado\/#primaryimage"},"thumbnailUrl":"https:\/\/surfeandosonrisas.org\/wp-content\/uploads\/2022\/03\/Surf-para-discapacidad.jpeg","articleSection":["Humanitarian","Stories"],"inLanguage":"en-US"},{"@type":"WebPage","@id":"https:\/\/surfeandosonrisas.org\/2022\/03\/15\/daniel-gomez-de-la-vega-campeon-de-surf-adaptado\/","url":"https:\/\/surfeandosonrisas.org\/2022\/03\/15\/daniel-gomez-de-la-vega-campeon-de-surf-adaptado\/","name":"Daniel G\u00f3mez De La Vega, campe\u00f3n de surf adaptado - Surfeando Sonrisas","isPartOf":{"@id":"https:\/\/surfeandosonrisas.org\/#website"},"primaryImageOfPage":{"@id":"https:\/\/surfeandosonrisas.org\/2022\/03\/15\/daniel-gomez-de-la-vega-campeon-de-surf-adaptado\/#primaryimage"},"image":{"@id":"https:\/\/surfeandosonrisas.org\/2022\/03\/15\/daniel-gomez-de-la-vega-campeon-de-surf-adaptado\/#primaryimage"},"thumbnailUrl":"https:\/\/surfeandosonrisas.org\/wp-content\/uploads\/2022\/03\/Surf-para-discapacidad.jpeg","datePublished":"2022-03-15T09:00:15+00:00","dateModified":"2022-05-03T20:13:23+00:00","breadcrumb":{"@id":"https:\/\/surfeandosonrisas.org\/2022\/03\/15\/daniel-gomez-de-la-vega-campeon-de-surf-adaptado\/#breadcrumb"},"inLanguage":"en-US","potentialAction":[{"@type":"ReadAction","target":["https:\/\/surfeandosonrisas.org\/2022\/03\/15\/daniel-gomez-de-la-vega-campeon-de-surf-adaptado\/"]}]},{"@type":"ImageObject","inLanguage":"en-US","@id":"https:\/\/surfeandosonrisas.org\/2022\/03\/15\/daniel-gomez-de-la-vega-campeon-de-surf-adaptado\/#primaryimage","url":"https:\/\/surfeandosonrisas.org\/wp-content\/uploads\/2022\/03\/Surf-para-discapacidad.jpeg","contentUrl":"https:\/\/surfeandosonrisas.org\/wp-content\/uploads\/2022\/03\/Surf-para-discapacidad.jpeg","width":1140,"height":694},{"@type":"BreadcrumbList","@id":"https:\/\/surfeandosonrisas.org\/2022\/03\/15\/daniel-gomez-de-la-vega-campeon-de-surf-adaptado\/#breadcrumb","itemListElement":[{"@type":"ListItem","position":1,"name":"Portada","item":"https:\/\/surfeandosonrisas.org\/"},{"@type":"ListItem","position":2,"name":"Daniel G\u00f3mez De La Vega, campe\u00f3n de surf adaptado"}]},{"@type":"WebSite","@id":"https:\/\/surfeandosonrisas.org\/#website","url":"https:\/\/surfeandosonrisas.org\/","name":"Surfing Smiles","description":"It is a non-profit project, dedicated to improving the quality of People with Disabilities (PwD) through the practice of surfing.","publisher":{"@id":"https:\/\/surfeandosonrisas.org\/#organization"},"potentialAction":[{"@type":"SearchAction","target":{"@type":"EntryPoint","urlTemplate":"https:\/\/surfeandosonrisas.org\/?s={search_term_string}"},"query-input":{"@type":"PropertyValueSpecification","valueRequired":true,"valueName":"search_term_string"}}],"inLanguage":"en-US"},{"@type":"Organization","@id":"https:\/\/surfeandosonrisas.org\/#organization","name":"Surfing Smiles","url":"https:\/\/surfeandosonrisas.org\/","logo":{"@type":"ImageObject","inLanguage":"en-US","@id":"https:\/\/surfeandosonrisas.org\/#\/schema\/logo\/image\/","url":"https:\/\/surfeandosonrisas.org\/wp-content\/uploads\/2022\/05\/cropped-logo_n.png","contentUrl":"https:\/\/surfeandosonrisas.org\/wp-content\/uploads\/2022\/05\/cropped-logo_n.png","width":552,"height":552,"caption":"Surfeando Sonrisas"},"image":{"@id":"https:\/\/surfeandosonrisas.org\/#\/schema\/logo\/image\/"}},{"@type":"Person","@id":"https:\/\/surfeandosonrisas.org\/#\/schema\/person\/6f07efc81ca57ffcb9c0c0ea08cc6033","name":"admin","image":{"@type":"ImageObject","inLanguage":"en-US","@id":"https:\/\/secure.gravatar.com\/avatar\/d8684afb4ddcf70e3a5b941b19bdfc6e117cf00c122b118a3e30652f09d8a19f?s=96&d=mm&r=g","url":"https:\/\/secure.gravatar.com\/avatar\/d8684afb4ddcf70e3a5b941b19bdfc6e117cf00c122b118a3e30652f09d8a19f?s=96&d=mm&r=g","contentUrl":"https:\/\/secure.gravatar.com\/avatar\/d8684afb4ddcf70e3a5b941b19bdfc6e117cf00c122b118a3e30652f09d8a19f?s=96&d=mm&r=g","caption":"admin"},"sameAs":["https:\/\/surfeandosonrisas.org"],"url":"https:\/\/surfeandosonrisas.org\/en\/author\/admin\/"}]}},"_links":{"self":[{"href":"https:\/\/surfeandosonrisas.org\/en\/wp-json\/wp\/v2\/posts\/987837","targetHints":{"allow":["GET"]}}],"collection":[{"href":"https:\/\/surfeandosonrisas.org\/en\/wp-json\/wp\/v2\/posts"}],"about":[{"href":"https:\/\/surfeandosonrisas.org\/en\/wp-json\/wp\/v2\/types\/post"}],"author":[{"embeddable":true,"href":"https:\/\/surfeandosonrisas.org\/en\/wp-json\/wp\/v2\/users\/1"}],"replies":[{"embeddable":true,"href":"https:\/\/surfeandosonrisas.org\/en\/wp-json\/wp\/v2\/comments?post=987837"}],"version-history":[{"count":4,"href":"https:\/\/surfeandosonrisas.org\/en\/wp-json\/wp\/v2\/posts\/987837\/revisions"}],"predecessor-version":[{"id":992032,"href":"https:\/\/surfeandosonrisas.org\/en\/wp-json\/wp\/v2\/posts\/987837\/revisions\/992032"}],"wp:featuredmedia":[{"embeddable":true,"href":"https:\/\/surfeandosonrisas.org\/en\/wp-json\/wp\/v2\/media\/991611"}],"wp:attachment":[{"href":"https:\/\/surfeandosonrisas.org\/en\/wp-json\/wp\/v2\/media?parent=987837"}],"wp:term":[{"taxonomy":"category","embeddable":true,"href":"https:\/\/surfeandosonrisas.org\/en\/wp-json\/wp\/v2\/categories?post=987837"},{"taxonomy":"post_tag","embeddable":true,"href":"https:\/\/surfeandosonrisas.org\/en\/wp-json\/wp\/v2\/tags?post=987837"}],"curies":[{"name":"wp","href":"https:\/\/api.w.org\/{rel}","templated":true}]}}