{"id":996832,"date":"2023-10-03T11:47:02","date_gmt":"2023-10-03T17:47:02","guid":{"rendered":"https:\/\/surfeandosonrisas.org\/?p=996832"},"modified":"2023-10-03T11:47:04","modified_gmt":"2023-10-03T17:47:04","slug":"impulsando-la-inclusion-en-el-turismo-nuestra-participacion-en-el-dia-internacional-del-turismo","status":"publish","type":"post","link":"https:\/\/surfeandosonrisas.org\/en\/2023\/10\/03\/impulsando-la-inclusion-en-el-turismo-nuestra-participacion-en-el-dia-internacional-del-turismo\/","title":{"rendered":"Driving Inclusion in Tourism: Our Participation in International Tourism Day"},"content":{"rendered":"<div data-elementor-type=\"wp-post\" data-elementor-id=\"996832\" class=\"elementor elementor-996832\" data-elementor-post-type=\"post\">\n\t\t\t\t\t\t<section class=\"elementor-section elementor-top-section elementor-element elementor-element-299cac60 elementor-section-boxed elementor-section-height-default elementor-section-height-default\" data-id=\"299cac60\" data-element_type=\"section\" data-e-type=\"section\">\n\t\t\t\t\t\t<div class=\"elementor-container elementor-column-gap-default\">\n\t\t\t\t\t<div class=\"elementor-column elementor-col-100 elementor-top-column elementor-element elementor-element-76607d50\" data-id=\"76607d50\" data-element_type=\"column\" data-e-type=\"column\">\n\t\t\t<div class=\"elementor-widget-wrap elementor-element-populated\">\n\t\t\t\t\t\t<div class=\"elementor-element elementor-element-77ae02ac elementor-widget elementor-widget-text-editor\" data-id=\"77ae02ac\" data-element_type=\"widget\" data-e-type=\"widget\" data-widget_type=\"text-editor.default\">\n\t\t\t\t<div class=\"elementor-widget-container\">\n\t\t\t\t\t\t\t\t\t<p><\/p>\n<p>Recientemente, tuvimos el honor de ser invitados por el gobierno municipal a una ponencia especial en el marco del D\u00eda Internacional del Turismo. El evento reuni\u00f3 a diversas voces del mundo del turismo en Bah\u00eda de Banderas y Puerto Vallarta, con un enfoque en la sustentabilidad, inclusi\u00f3n y diversidad en esta industria.<\/p>\n<p><\/p>\n<p><\/p>\n<p>Nuestra contribuci\u00f3n se centr\u00f3 en la accesibilidad e inclusi\u00f3n en el desarrollo tur\u00edstico. Exploramos c\u00f3mo Surfeando Sonrisas se ha convertido en un pionero en la regi\u00f3n al ofrecer alternativas tur\u00edsticas accesibles para personas de todas las capacidades. Creemos que el turismo debe ser una experiencia inclusiva para todos, y este evento fue una oportunidad para destacar la importancia de hacer que nuestras hermosas ciudades sean accesibles y acogedoras para todos los visitantes<\/p>\n<p><\/p>\t\t\t\t\t\t\t\t<\/div>\n\t\t\t\t<\/div>\n\t\t\t\t<div class=\"elementor-element elementor-element-987dcda elementor-widget elementor-widget-gallery\" data-id=\"987dcda\" data-element_type=\"widget\" data-e-type=\"widget\" data-settings=\"{&quot;columns&quot;:3,&quot;lazyload&quot;:&quot;yes&quot;,&quot;gallery_layout&quot;:&quot;grid&quot;,&quot;columns_tablet&quot;:2,&quot;columns_mobile&quot;:1,&quot;gap&quot;:{&quot;unit&quot;:&quot;px&quot;,&quot;size&quot;:10,&quot;sizes&quot;:[]},&quot;gap_tablet&quot;:{&quot;unit&quot;:&quot;px&quot;,&quot;size&quot;:10,&quot;sizes&quot;:[]},&quot;gap_mobile&quot;:{&quot;unit&quot;:&quot;px&quot;,&quot;size&quot;:10,&quot;sizes&quot;:[]},&quot;link_to&quot;:&quot;file&quot;,&quot;aspect_ratio&quot;:&quot;3:2&quot;,&quot;overlay_background&quot;:&quot;yes&quot;,&quot;content_hover_animation&quot;:&quot;fade-in&quot;}\" data-widget_type=\"gallery.default\">\n\t\t\t\t<div class=\"elementor-widget-container\">\n\t\t\t\t\t\t\t<div class=\"elementor-gallery__container\">\n\t\t\t\t\t\t\t<a class=\"e-gallery-item elementor-gallery-item elementor-animated-content\" href=\"https:\/\/surfeandosonrisas.org\/wp-content\/uploads\/2023\/09\/kary2-e1695922247468.jpg\" data-elementor-open-lightbox=\"yes\" data-elementor-lightbox-slideshow=\"987dcda\" data-elementor-lightbox-title=\"kary2\" data-e-action-hash=\"#elementor-action%3Aaction%3Dlightbox%26settings%3DeyJpZCI6OTk2ODM1LCJ1cmwiOiJodHRwczpcL1wvc3VyZmVhbmRvc29ucmlzYXMub3JnXC93cC1jb250ZW50XC91cGxvYWRzXC8yMDIzXC8wOVwva2FyeTItZTE2OTU5MjIyNDc0NjguanBnIiwic2xpZGVzaG93IjoiOTg3ZGNkYSJ9\">\n\t\t\t\t\t<div class=\"e-gallery-image elementor-gallery-item__image\" data-thumbnail=\"https:\/\/surfeandosonrisas.org\/wp-content\/uploads\/2023\/09\/kary2-e1695922247468-300x227.jpg\" data-width=\"300\" data-height=\"227\" aria-label=\"\" role=\"img\" ><\/div>\n\t\t\t\t\t\t\t\t\t\t\t<div class=\"elementor-gallery-item__overlay\"><\/div>\n\t\t\t\t\t\t\t\t\t\t\t\t\t\t<\/a>\n\t\t\t\t\t\t\t<a class=\"e-gallery-item elementor-gallery-item elementor-animated-content\" href=\"https:\/\/surfeandosonrisas.org\/wp-content\/uploads\/2023\/09\/kary3.jpg\" data-elementor-open-lightbox=\"yes\" data-elementor-lightbox-slideshow=\"987dcda\" data-elementor-lightbox-title=\"kary3\" data-e-action-hash=\"#elementor-action%3Aaction%3Dlightbox%26settings%3DeyJpZCI6OTk2ODM0LCJ1cmwiOiJodHRwczpcL1wvc3VyZmVhbmRvc29ucmlzYXMub3JnXC93cC1jb250ZW50XC91cGxvYWRzXC8yMDIzXC8wOVwva2FyeTMuanBnIiwic2xpZGVzaG93IjoiOTg3ZGNkYSJ9\">\n\t\t\t\t\t<div class=\"e-gallery-image elementor-gallery-item__image\" data-thumbnail=\"https:\/\/surfeandosonrisas.org\/wp-content\/uploads\/2023\/09\/kary3-300x216.jpg\" data-width=\"300\" data-height=\"216\" aria-label=\"\" role=\"img\" ><\/div>\n\t\t\t\t\t\t\t\t\t\t\t<div class=\"elementor-gallery-item__overlay\"><\/div>\n\t\t\t\t\t\t\t\t\t\t\t\t\t\t<\/a>\n\t\t\t\t\t\t\t<a class=\"e-gallery-item elementor-gallery-item elementor-animated-content\" href=\"https:\/\/surfeandosonrisas.org\/wp-content\/uploads\/2023\/09\/kary4.jpg\" data-elementor-open-lightbox=\"yes\" data-elementor-lightbox-slideshow=\"987dcda\" data-elementor-lightbox-title=\"kary4\" data-e-action-hash=\"#elementor-action%3Aaction%3Dlightbox%26settings%3DeyJpZCI6OTk2ODM3LCJ1cmwiOiJodHRwczpcL1wvc3VyZmVhbmRvc29ucmlzYXMub3JnXC93cC1jb250ZW50XC91cGxvYWRzXC8yMDIzXC8wOVwva2FyeTQuanBnIiwic2xpZGVzaG93IjoiOTg3ZGNkYSJ9\">\n\t\t\t\t\t<div class=\"e-gallery-image elementor-gallery-item__image\" data-thumbnail=\"https:\/\/surfeandosonrisas.org\/wp-content\/uploads\/2023\/09\/kary4-300x300.jpg\" data-width=\"300\" data-height=\"300\" aria-label=\"\" role=\"img\" ><\/div>\n\t\t\t\t\t\t\t\t\t\t\t<div class=\"elementor-gallery-item__overlay\"><\/div>\n\t\t\t\t\t\t\t\t\t\t\t\t\t\t<\/a>\n\t\t\t\t\t<\/div>\n\t\t\t\t\t<\/div>\n\t\t\t\t<\/div>\n\t\t\t\t\t<\/div>\n\t\t<\/div>\n\t\t\t\t\t<\/div>\n\t\t<\/section>\n\t\t\t\t<section class=\"elementor-section elementor-top-section elementor-element elementor-element-92f33c2 elementor-section-boxed elementor-section-height-default elementor-section-height-default\" data-id=\"92f33c2\" data-element_type=\"section\" data-e-type=\"section\">\n\t\t\t\t\t\t<div class=\"elementor-container elementor-column-gap-default\">\n\t\t\t\t\t<div class=\"elementor-column elementor-col-100 elementor-top-column elementor-element elementor-element-dbac16b\" data-id=\"dbac16b\" data-element_type=\"column\" data-e-type=\"column\">\n\t\t\t<div class=\"elementor-widget-wrap elementor-element-populated\">\n\t\t\t\t\t\t<div class=\"elementor-element elementor-element-2627067 elementor-widget elementor-widget-text-editor\" data-id=\"2627067\" data-element_type=\"widget\" data-e-type=\"widget\" data-widget_type=\"text-editor.default\">\n\t\t\t\t<div class=\"elementor-widget-container\">\n\t\t\t\t\t\t\t\t\t<p><span style=\"font-family: Poppins, sans-serif; font-size: 16px; font-style: normal; font-variant-ligatures: normal; font-variant-caps: normal; font-weight: 400;\">En el D\u00eda del Turismo, recordamos que cada paso que damos hacia la inclusi\u00f3n y la sostenibilidad en el turismo nos acerca a un futuro m\u00e1s brillante y equitativo. Juntos, podemos construir un turismo que celebre la diversidad y promueva la igualdad de oportunidades para todos.<\/span><\/p>\t\t\t\t\t\t\t\t<\/div>\n\t\t\t\t<\/div>\n\t\t\t\t\t<\/div>\n\t\t<\/div>\n\t\t\t\t\t<\/div>\n\t\t<\/section>\n\t\t\t\t<\/div>","protected":false},"excerpt":{"rendered":"<p>Recientemente, tuvimos el honor de ser invitados por el gobierno municipal a una ponencia especial en el marco del D\u00eda Internacional del Turismo. El evento reuni\u00f3 a diversas voces del mundo del turismo en Bah\u00eda de Banderas y Puerto Vallarta, con un enfoque en la sustentabilidad, inclusi\u00f3n y diversidad en esta industria. Nuestra contribuci\u00f3n se&#8230;<\/p>","protected":false},"author":1,"featured_media":996842,"comment_status":"open","ping_status":"open","sticky":false,"template":"","format":"standard","meta":{"give_campaign_id":0,"footnotes":""},"categories":[1],"tags":[],"class_list":["post-996832","post","type-post","status-publish","format-standard","has-post-thumbnail","hentry","category-sin-categoria"],"yoast_head":"<!-- This site is optimized with the Yoast SEO plugin v27.4 - https:\/\/yoast.com\/product\/yoast-seo-wordpress\/ -->\n<title>Impulsando la Inclusi\u00f3n en el Turismo: Nuestra Participaci\u00f3n en el D\u00eda Internacional del Turismo - Surfeando Sonrisas<\/title>\n<meta name=\"robots\" content=\"index, follow, max-snippet:-1, max-image-preview:large, max-video-preview:-1\" \/>\n<link rel=\"canonical\" href=\"https:\/\/surfeandosonrisas.org\/en\/2023\/10\/03\/impulsando-la-inclusion-en-el-turismo-nuestra-participacion-en-el-dia-internacional-del-turismo\/\" \/>\n<meta property=\"og:locale\" content=\"en_US\" \/>\n<meta property=\"og:type\" content=\"article\" \/>\n<meta property=\"og:title\" content=\"Impulsando la Inclusi\u00f3n en el Turismo: Nuestra Participaci\u00f3n en el D\u00eda Internacional del Turismo - Surfeando Sonrisas\" \/>\n<meta property=\"og:description\" content=\"Recientemente, tuvimos el honor de ser invitados por el gobierno municipal a una ponencia especial en el marco del D\u00eda Internacional del Turismo. El evento reuni\u00f3 a diversas voces del mundo del turismo en Bah\u00eda de Banderas y Puerto Vallarta, con un enfoque en la sustentabilidad, inclusi\u00f3n y diversidad en esta industria. Nuestra contribuci\u00f3n se...\" \/>\n<meta property=\"og:url\" content=\"https:\/\/surfeandosonrisas.org\/en\/2023\/10\/03\/impulsando-la-inclusion-en-el-turismo-nuestra-participacion-en-el-dia-internacional-del-turismo\/\" \/>\n<meta property=\"og:site_name\" content=\"Surfeando Sonrisas\" \/>\n<meta property=\"article:published_time\" content=\"2023-10-03T17:47:02+00:00\" \/>\n<meta property=\"article:modified_time\" content=\"2023-10-03T17:47:04+00:00\" \/>\n<meta property=\"og:image\" content=\"https:\/\/surfeandosonrisas.org\/wp-content\/uploads\/2023\/09\/kary1-1-e1695922601685.jpg\" \/>\n\t<meta property=\"og:image:width\" content=\"1527\" \/>\n\t<meta property=\"og:image:height\" content=\"674\" \/>\n\t<meta property=\"og:image:type\" content=\"image\/jpeg\" \/>\n<meta name=\"author\" content=\"admin\" \/>\n<meta name=\"twitter:card\" content=\"summary_large_image\" \/>\n<meta name=\"twitter:label1\" content=\"Written by\" \/>\n\t<meta name=\"twitter:data1\" content=\"admin\" \/>\n\t<meta name=\"twitter:label2\" content=\"Est. reading time\" \/>\n\t<meta name=\"twitter:data2\" content=\"1 minute\" \/>\n<script type=\"application\/ld+json\" class=\"yoast-schema-graph\">{\"@context\":\"https:\\\/\\\/schema.org\",\"@graph\":[{\"@type\":\"Article\",\"@id\":\"https:\\\/\\\/surfeandosonrisas.org\\\/2023\\\/10\\\/03\\\/impulsando-la-inclusion-en-el-turismo-nuestra-participacion-en-el-dia-internacional-del-turismo\\\/#article\",\"isPartOf\":{\"@id\":\"https:\\\/\\\/surfeandosonrisas.org\\\/2023\\\/10\\\/03\\\/impulsando-la-inclusion-en-el-turismo-nuestra-participacion-en-el-dia-internacional-del-turismo\\\/\"},\"author\":{\"name\":\"admin\",\"@id\":\"https:\\\/\\\/surfeandosonrisas.org\\\/#\\\/schema\\\/person\\\/6f07efc81ca57ffcb9c0c0ea08cc6033\"},\"headline\":\"Impulsando la Inclusi\u00f3n en el Turismo: Nuestra Participaci\u00f3n en el D\u00eda Internacional del Turismo\",\"datePublished\":\"2023-10-03T17:47:02+00:00\",\"dateModified\":\"2023-10-03T17:47:04+00:00\",\"mainEntityOfPage\":{\"@id\":\"https:\\\/\\\/surfeandosonrisas.org\\\/2023\\\/10\\\/03\\\/impulsando-la-inclusion-en-el-turismo-nuestra-participacion-en-el-dia-internacional-del-turismo\\\/\"},\"wordCount\":199,\"commentCount\":0,\"publisher\":{\"@id\":\"https:\\\/\\\/surfeandosonrisas.org\\\/#organization\"},\"image\":{\"@id\":\"https:\\\/\\\/surfeandosonrisas.org\\\/2023\\\/10\\\/03\\\/impulsando-la-inclusion-en-el-turismo-nuestra-participacion-en-el-dia-internacional-del-turismo\\\/#primaryimage\"},\"thumbnailUrl\":\"https:\\\/\\\/surfeandosonrisas.org\\\/wp-content\\\/uploads\\\/2023\\\/09\\\/kary1-1-e1695922601685.jpg\",\"articleSection\":[\"Sin categor\u00eda\"],\"inLanguage\":\"en-US\",\"potentialAction\":[{\"@type\":\"CommentAction\",\"name\":\"Comment\",\"target\":[\"https:\\\/\\\/surfeandosonrisas.org\\\/2023\\\/10\\\/03\\\/impulsando-la-inclusion-en-el-turismo-nuestra-participacion-en-el-dia-internacional-del-turismo\\\/#respond\"]}]},{\"@type\":\"WebPage\",\"@id\":\"https:\\\/\\\/surfeandosonrisas.org\\\/2023\\\/10\\\/03\\\/impulsando-la-inclusion-en-el-turismo-nuestra-participacion-en-el-dia-internacional-del-turismo\\\/\",\"url\":\"https:\\\/\\\/surfeandosonrisas.org\\\/2023\\\/10\\\/03\\\/impulsando-la-inclusion-en-el-turismo-nuestra-participacion-en-el-dia-internacional-del-turismo\\\/\",\"name\":\"Impulsando la Inclusi\u00f3n en el Turismo: Nuestra Participaci\u00f3n en el D\u00eda Internacional del Turismo - Surfeando Sonrisas\",\"isPartOf\":{\"@id\":\"https:\\\/\\\/surfeandosonrisas.org\\\/#website\"},\"primaryImageOfPage\":{\"@id\":\"https:\\\/\\\/surfeandosonrisas.org\\\/2023\\\/10\\\/03\\\/impulsando-la-inclusion-en-el-turismo-nuestra-participacion-en-el-dia-internacional-del-turismo\\\/#primaryimage\"},\"image\":{\"@id\":\"https:\\\/\\\/surfeandosonrisas.org\\\/2023\\\/10\\\/03\\\/impulsando-la-inclusion-en-el-turismo-nuestra-participacion-en-el-dia-internacional-del-turismo\\\/#primaryimage\"},\"thumbnailUrl\":\"https:\\\/\\\/surfeandosonrisas.org\\\/wp-content\\\/uploads\\\/2023\\\/09\\\/kary1-1-e1695922601685.jpg\",\"datePublished\":\"2023-10-03T17:47:02+00:00\",\"dateModified\":\"2023-10-03T17:47:04+00:00\",\"breadcrumb\":{\"@id\":\"https:\\\/\\\/surfeandosonrisas.org\\\/2023\\\/10\\\/03\\\/impulsando-la-inclusion-en-el-turismo-nuestra-participacion-en-el-dia-internacional-del-turismo\\\/#breadcrumb\"},\"inLanguage\":\"en-US\",\"potentialAction\":[{\"@type\":\"ReadAction\",\"target\":[\"https:\\\/\\\/surfeandosonrisas.org\\\/2023\\\/10\\\/03\\\/impulsando-la-inclusion-en-el-turismo-nuestra-participacion-en-el-dia-internacional-del-turismo\\\/\"]}]},{\"@type\":\"ImageObject\",\"inLanguage\":\"en-US\",\"@id\":\"https:\\\/\\\/surfeandosonrisas.org\\\/2023\\\/10\\\/03\\\/impulsando-la-inclusion-en-el-turismo-nuestra-participacion-en-el-dia-internacional-del-turismo\\\/#primaryimage\",\"url\":\"https:\\\/\\\/surfeandosonrisas.org\\\/wp-content\\\/uploads\\\/2023\\\/09\\\/kary1-1-e1695922601685.jpg\",\"contentUrl\":\"https:\\\/\\\/surfeandosonrisas.org\\\/wp-content\\\/uploads\\\/2023\\\/09\\\/kary1-1-e1695922601685.jpg\",\"width\":1527,\"height\":674},{\"@type\":\"BreadcrumbList\",\"@id\":\"https:\\\/\\\/surfeandosonrisas.org\\\/2023\\\/10\\\/03\\\/impulsando-la-inclusion-en-el-turismo-nuestra-participacion-en-el-dia-internacional-del-turismo\\\/#breadcrumb\",\"itemListElement\":[{\"@type\":\"ListItem\",\"position\":1,\"name\":\"Portada\",\"item\":\"https:\\\/\\\/surfeandosonrisas.org\\\/\"},{\"@type\":\"ListItem\",\"position\":2,\"name\":\"Impulsando la Inclusi\u00f3n en el Turismo: Nuestra Participaci\u00f3n en el D\u00eda Internacional del Turismo\"}]},{\"@type\":\"WebSite\",\"@id\":\"https:\\\/\\\/surfeandosonrisas.org\\\/#website\",\"url\":\"https:\\\/\\\/surfeandosonrisas.org\\\/\",\"name\":\"Surfeando Sonrisas\",\"description\":\"Es un proyecto sin fines de lucro, dedicado a mejorar la calidad de Personas con Discapacidad (PcD) a trav\u00e9s de la practica de surf\",\"publisher\":{\"@id\":\"https:\\\/\\\/surfeandosonrisas.org\\\/#organization\"},\"potentialAction\":[{\"@type\":\"SearchAction\",\"target\":{\"@type\":\"EntryPoint\",\"urlTemplate\":\"https:\\\/\\\/surfeandosonrisas.org\\\/?s={search_term_string}\"},\"query-input\":{\"@type\":\"PropertyValueSpecification\",\"valueRequired\":true,\"valueName\":\"search_term_string\"}}],\"inLanguage\":\"en-US\"},{\"@type\":\"Organization\",\"@id\":\"https:\\\/\\\/surfeandosonrisas.org\\\/#organization\",\"name\":\"Surfeando Sonrisas\",\"url\":\"https:\\\/\\\/surfeandosonrisas.org\\\/\",\"logo\":{\"@type\":\"ImageObject\",\"inLanguage\":\"en-US\",\"@id\":\"https:\\\/\\\/surfeandosonrisas.org\\\/#\\\/schema\\\/logo\\\/image\\\/\",\"url\":\"https:\\\/\\\/surfeandosonrisas.org\\\/wp-content\\\/uploads\\\/2022\\\/05\\\/cropped-logo_n.png\",\"contentUrl\":\"https:\\\/\\\/surfeandosonrisas.org\\\/wp-content\\\/uploads\\\/2022\\\/05\\\/cropped-logo_n.png\",\"width\":552,\"height\":552,\"caption\":\"Surfeando Sonrisas\"},\"image\":{\"@id\":\"https:\\\/\\\/surfeandosonrisas.org\\\/#\\\/schema\\\/logo\\\/image\\\/\"}},{\"@type\":\"Person\",\"@id\":\"https:\\\/\\\/surfeandosonrisas.org\\\/#\\\/schema\\\/person\\\/6f07efc81ca57ffcb9c0c0ea08cc6033\",\"name\":\"admin\",\"image\":{\"@type\":\"ImageObject\",\"inLanguage\":\"en-US\",\"@id\":\"https:\\\/\\\/secure.gravatar.com\\\/avatar\\\/d8684afb4ddcf70e3a5b941b19bdfc6e117cf00c122b118a3e30652f09d8a19f?s=96&d=mm&r=g\",\"url\":\"https:\\\/\\\/secure.gravatar.com\\\/avatar\\\/d8684afb4ddcf70e3a5b941b19bdfc6e117cf00c122b118a3e30652f09d8a19f?s=96&d=mm&r=g\",\"contentUrl\":\"https:\\\/\\\/secure.gravatar.com\\\/avatar\\\/d8684afb4ddcf70e3a5b941b19bdfc6e117cf00c122b118a3e30652f09d8a19f?s=96&d=mm&r=g\",\"caption\":\"admin\"},\"sameAs\":[\"https:\\\/\\\/surfeandosonrisas.org\"],\"url\":\"https:\\\/\\\/surfeandosonrisas.org\\\/en\\\/author\\\/admin\\\/\"}]}<\/script>\n<!-- \/ Yoast SEO plugin. -->","yoast_head_json":{"title":"Impulsando la Inclusi\u00f3n en el Turismo: Nuestra Participaci\u00f3n en el D\u00eda Internacional del Turismo - Surfeando Sonrisas","robots":{"index":"index","follow":"follow","max-snippet":"max-snippet:-1","max-image-preview":"max-image-preview:large","max-video-preview":"max-video-preview:-1"},"canonical":"https:\/\/surfeandosonrisas.org\/en\/2023\/10\/03\/impulsando-la-inclusion-en-el-turismo-nuestra-participacion-en-el-dia-internacional-del-turismo\/","og_locale":"en_US","og_type":"article","og_title":"Impulsando la Inclusi\u00f3n en el Turismo: Nuestra Participaci\u00f3n en el D\u00eda Internacional del Turismo - Surfeando Sonrisas","og_description":"Recientemente, tuvimos el honor de ser invitados por el gobierno municipal a una ponencia especial en el marco del D\u00eda Internacional del Turismo. El evento reuni\u00f3 a diversas voces del mundo del turismo en Bah\u00eda de Banderas y Puerto Vallarta, con un enfoque en la sustentabilidad, inclusi\u00f3n y diversidad en esta industria. Nuestra contribuci\u00f3n se...","og_url":"https:\/\/surfeandosonrisas.org\/en\/2023\/10\/03\/impulsando-la-inclusion-en-el-turismo-nuestra-participacion-en-el-dia-internacional-del-turismo\/","og_site_name":"Surfeando Sonrisas","article_published_time":"2023-10-03T17:47:02+00:00","article_modified_time":"2023-10-03T17:47:04+00:00","og_image":[{"width":1527,"height":674,"url":"https:\/\/surfeandosonrisas.org\/wp-content\/uploads\/2023\/09\/kary1-1-e1695922601685.jpg","type":"image\/jpeg"}],"author":"admin","twitter_card":"summary_large_image","twitter_misc":{"Written by":"admin","Est. reading time":"1 minute"},"schema":{"@context":"https:\/\/schema.org","@graph":[{"@type":"Article","@id":"https:\/\/surfeandosonrisas.org\/2023\/10\/03\/impulsando-la-inclusion-en-el-turismo-nuestra-participacion-en-el-dia-internacional-del-turismo\/#article","isPartOf":{"@id":"https:\/\/surfeandosonrisas.org\/2023\/10\/03\/impulsando-la-inclusion-en-el-turismo-nuestra-participacion-en-el-dia-internacional-del-turismo\/"},"author":{"name":"admin","@id":"https:\/\/surfeandosonrisas.org\/#\/schema\/person\/6f07efc81ca57ffcb9c0c0ea08cc6033"},"headline":"Impulsando la Inclusi\u00f3n en el Turismo: Nuestra Participaci\u00f3n en el D\u00eda Internacional del Turismo","datePublished":"2023-10-03T17:47:02+00:00","dateModified":"2023-10-03T17:47:04+00:00","mainEntityOfPage":{"@id":"https:\/\/surfeandosonrisas.org\/2023\/10\/03\/impulsando-la-inclusion-en-el-turismo-nuestra-participacion-en-el-dia-internacional-del-turismo\/"},"wordCount":199,"commentCount":0,"publisher":{"@id":"https:\/\/surfeandosonrisas.org\/#organization"},"image":{"@id":"https:\/\/surfeandosonrisas.org\/2023\/10\/03\/impulsando-la-inclusion-en-el-turismo-nuestra-participacion-en-el-dia-internacional-del-turismo\/#primaryimage"},"thumbnailUrl":"https:\/\/surfeandosonrisas.org\/wp-content\/uploads\/2023\/09\/kary1-1-e1695922601685.jpg","articleSection":["Sin categor\u00eda"],"inLanguage":"en-US","potentialAction":[{"@type":"CommentAction","name":"Comment","target":["https:\/\/surfeandosonrisas.org\/2023\/10\/03\/impulsando-la-inclusion-en-el-turismo-nuestra-participacion-en-el-dia-internacional-del-turismo\/#respond"]}]},{"@type":"WebPage","@id":"https:\/\/surfeandosonrisas.org\/2023\/10\/03\/impulsando-la-inclusion-en-el-turismo-nuestra-participacion-en-el-dia-internacional-del-turismo\/","url":"https:\/\/surfeandosonrisas.org\/2023\/10\/03\/impulsando-la-inclusion-en-el-turismo-nuestra-participacion-en-el-dia-internacional-del-turismo\/","name":"Impulsando la Inclusi\u00f3n en el Turismo: Nuestra Participaci\u00f3n en el D\u00eda Internacional del Turismo - Surfeando Sonrisas","isPartOf":{"@id":"https:\/\/surfeandosonrisas.org\/#website"},"primaryImageOfPage":{"@id":"https:\/\/surfeandosonrisas.org\/2023\/10\/03\/impulsando-la-inclusion-en-el-turismo-nuestra-participacion-en-el-dia-internacional-del-turismo\/#primaryimage"},"image":{"@id":"https:\/\/surfeandosonrisas.org\/2023\/10\/03\/impulsando-la-inclusion-en-el-turismo-nuestra-participacion-en-el-dia-internacional-del-turismo\/#primaryimage"},"thumbnailUrl":"https:\/\/surfeandosonrisas.org\/wp-content\/uploads\/2023\/09\/kary1-1-e1695922601685.jpg","datePublished":"2023-10-03T17:47:02+00:00","dateModified":"2023-10-03T17:47:04+00:00","breadcrumb":{"@id":"https:\/\/surfeandosonrisas.org\/2023\/10\/03\/impulsando-la-inclusion-en-el-turismo-nuestra-participacion-en-el-dia-internacional-del-turismo\/#breadcrumb"},"inLanguage":"en-US","potentialAction":[{"@type":"ReadAction","target":["https:\/\/surfeandosonrisas.org\/2023\/10\/03\/impulsando-la-inclusion-en-el-turismo-nuestra-participacion-en-el-dia-internacional-del-turismo\/"]}]},{"@type":"ImageObject","inLanguage":"en-US","@id":"https:\/\/surfeandosonrisas.org\/2023\/10\/03\/impulsando-la-inclusion-en-el-turismo-nuestra-participacion-en-el-dia-internacional-del-turismo\/#primaryimage","url":"https:\/\/surfeandosonrisas.org\/wp-content\/uploads\/2023\/09\/kary1-1-e1695922601685.jpg","contentUrl":"https:\/\/surfeandosonrisas.org\/wp-content\/uploads\/2023\/09\/kary1-1-e1695922601685.jpg","width":1527,"height":674},{"@type":"BreadcrumbList","@id":"https:\/\/surfeandosonrisas.org\/2023\/10\/03\/impulsando-la-inclusion-en-el-turismo-nuestra-participacion-en-el-dia-internacional-del-turismo\/#breadcrumb","itemListElement":[{"@type":"ListItem","position":1,"name":"Portada","item":"https:\/\/surfeandosonrisas.org\/"},{"@type":"ListItem","position":2,"name":"Impulsando la Inclusi\u00f3n en el Turismo: Nuestra Participaci\u00f3n en el D\u00eda Internacional del Turismo"}]},{"@type":"WebSite","@id":"https:\/\/surfeandosonrisas.org\/#website","url":"https:\/\/surfeandosonrisas.org\/","name":"Surfing Smiles","description":"It is a non-profit project, dedicated to improving the quality of People with Disabilities (PwD) through the practice of surfing.","publisher":{"@id":"https:\/\/surfeandosonrisas.org\/#organization"},"potentialAction":[{"@type":"SearchAction","target":{"@type":"EntryPoint","urlTemplate":"https:\/\/surfeandosonrisas.org\/?s={search_term_string}"},"query-input":{"@type":"PropertyValueSpecification","valueRequired":true,"valueName":"search_term_string"}}],"inLanguage":"en-US"},{"@type":"Organization","@id":"https:\/\/surfeandosonrisas.org\/#organization","name":"Surfing Smiles","url":"https:\/\/surfeandosonrisas.org\/","logo":{"@type":"ImageObject","inLanguage":"en-US","@id":"https:\/\/surfeandosonrisas.org\/#\/schema\/logo\/image\/","url":"https:\/\/surfeandosonrisas.org\/wp-content\/uploads\/2022\/05\/cropped-logo_n.png","contentUrl":"https:\/\/surfeandosonrisas.org\/wp-content\/uploads\/2022\/05\/cropped-logo_n.png","width":552,"height":552,"caption":"Surfeando Sonrisas"},"image":{"@id":"https:\/\/surfeandosonrisas.org\/#\/schema\/logo\/image\/"}},{"@type":"Person","@id":"https:\/\/surfeandosonrisas.org\/#\/schema\/person\/6f07efc81ca57ffcb9c0c0ea08cc6033","name":"admin","image":{"@type":"ImageObject","inLanguage":"en-US","@id":"https:\/\/secure.gravatar.com\/avatar\/d8684afb4ddcf70e3a5b941b19bdfc6e117cf00c122b118a3e30652f09d8a19f?s=96&d=mm&r=g","url":"https:\/\/secure.gravatar.com\/avatar\/d8684afb4ddcf70e3a5b941b19bdfc6e117cf00c122b118a3e30652f09d8a19f?s=96&d=mm&r=g","contentUrl":"https:\/\/secure.gravatar.com\/avatar\/d8684afb4ddcf70e3a5b941b19bdfc6e117cf00c122b118a3e30652f09d8a19f?s=96&d=mm&r=g","caption":"admin"},"sameAs":["https:\/\/surfeandosonrisas.org"],"url":"https:\/\/surfeandosonrisas.org\/en\/author\/admin\/"}]}},"_links":{"self":[{"href":"https:\/\/surfeandosonrisas.org\/en\/wp-json\/wp\/v2\/posts\/996832","targetHints":{"allow":["GET"]}}],"collection":[{"href":"https:\/\/surfeandosonrisas.org\/en\/wp-json\/wp\/v2\/posts"}],"about":[{"href":"https:\/\/surfeandosonrisas.org\/en\/wp-json\/wp\/v2\/types\/post"}],"author":[{"embeddable":true,"href":"https:\/\/surfeandosonrisas.org\/en\/wp-json\/wp\/v2\/users\/1"}],"replies":[{"embeddable":true,"href":"https:\/\/surfeandosonrisas.org\/en\/wp-json\/wp\/v2\/comments?post=996832"}],"version-history":[{"count":9,"href":"https:\/\/surfeandosonrisas.org\/en\/wp-json\/wp\/v2\/posts\/996832\/revisions"}],"predecessor-version":[{"id":996849,"href":"https:\/\/surfeandosonrisas.org\/en\/wp-json\/wp\/v2\/posts\/996832\/revisions\/996849"}],"wp:featuredmedia":[{"embeddable":true,"href":"https:\/\/surfeandosonrisas.org\/en\/wp-json\/wp\/v2\/media\/996842"}],"wp:attachment":[{"href":"https:\/\/surfeandosonrisas.org\/en\/wp-json\/wp\/v2\/media?parent=996832"}],"wp:term":[{"taxonomy":"category","embeddable":true,"href":"https:\/\/surfeandosonrisas.org\/en\/wp-json\/wp\/v2\/categories?post=996832"},{"taxonomy":"post_tag","embeddable":true,"href":"https:\/\/surfeandosonrisas.org\/en\/wp-json\/wp\/v2\/tags?post=996832"}],"curies":[{"name":"wp","href":"https:\/\/api.w.org\/{rel}","templated":true}]}}